{"id":9730,"date":"2019-02-02T21:08:42","date_gmt":"2019-02-02T20:08:42","guid":{"rendered":"https:\/\/merida.salesianos.edu\/colegio\/?p=9730"},"modified":"2025-08-25T08:54:29","modified_gmt":"2025-08-25T06:54:29","slug":"viii-olimpiada-extremena-de-informatica","status":"publish","type":"post","link":"https:\/\/merida.salesianos.edu\/colegio\/blog\/2019\/02\/02\/viii-olimpiada-extremena-de-informatica\/","title":{"rendered":"VIII Olimpiada Extreme\u00f1a de Inform\u00e1tica"},"content":{"rendered":"<p>[et_pb_section bb_built=\u00bb1&#8243;][et_pb_row][et_pb_column type=\u00bb4_4&#8243;][et_pb_image _builder_version=\u00bb3.19.6&#8243; src=\u00bbhttps:\/\/merida.salesianos.edu\/wp-content\/uploads\/2019\/02\/olimpiadaInform.jpg\u00bb \/][et_pb_text _builder_version=\u00bb3.19.6&#8243;]<\/p>\n<p>Nuestro alumno de 2\u00ba de Bachillerato, Miguel M., que ha representado a nuestro centro junto a otros tres alumnos del mismo curso en las VIII Olimpiadas Extreme\u00f1as de Inform\u00e1tica, ha obtenido en tercer premio en la categor\u00eda de Ingenio.<\/p>\n<p>[\/et_pb_text][\/et_pb_column][\/et_pb_row][\/et_pb_section]<\/p>\n","protected":false},"excerpt":{"rendered":"<p><div class=\"et_pb_row et_pb_row_0 et_pb_row_empty\">\n\t\t\t\t\n\t\t\t\t\n\t\t\t\t\n\t\t\t\t\n\t\t\t\t\n\t\t\t<\/div> Nuestro alumno de 2\u00ba de Bachillerato, Miguel M., que ha representado a nuestro centro junto a otros tres alumnos del mismo curso en las VIII Olimpiadas Extreme\u00f1as de Inform\u00e1tica, ha obtenido en tercer premio en la categor\u00eda de Ingenio.<\/p>\n","protected":false},"author":3,"featured_media":0,"comment_status":"closed","ping_status":"open","sticky":false,"template":"","format":"standard","meta":{"_et_pb_use_builder":"on","_et_pb_old_content":"","_et_gb_content_width":"","footnotes":""},"categories":[17,12,11],"tags":[],"class_list":["post-9730","post","type-post","status-publish","format-standard","hentry","category-bachillerato","category-noticias","category-reconocimientos"],"_links":{"self":[{"href":"https:\/\/merida.salesianos.edu\/colegio\/wp-json\/wp\/v2\/posts\/9730","targetHints":{"allow":["GET"]}}],"collection":[{"href":"https:\/\/merida.salesianos.edu\/colegio\/wp-json\/wp\/v2\/posts"}],"about":[{"href":"https:\/\/merida.salesianos.edu\/colegio\/wp-json\/wp\/v2\/types\/post"}],"author":[{"embeddable":true,"href":"https:\/\/merida.salesianos.edu\/colegio\/wp-json\/wp\/v2\/users\/3"}],"replies":[{"embeddable":true,"href":"https:\/\/merida.salesianos.edu\/colegio\/wp-json\/wp\/v2\/comments?post=9730"}],"version-history":[{"count":1,"href":"https:\/\/merida.salesianos.edu\/colegio\/wp-json\/wp\/v2\/posts\/9730\/revisions"}],"predecessor-version":[{"id":9731,"href":"https:\/\/merida.salesianos.edu\/colegio\/wp-json\/wp\/v2\/posts\/9730\/revisions\/9731"}],"wp:attachment":[{"href":"https:\/\/merida.salesianos.edu\/colegio\/wp-json\/wp\/v2\/media?parent=9730"}],"wp:term":[{"taxonomy":"category","embeddable":true,"href":"https:\/\/merida.salesianos.edu\/colegio\/wp-json\/wp\/v2\/categories?post=9730"},{"taxonomy":"post_tag","embeddable":true,"href":"https:\/\/merida.salesianos.edu\/colegio\/wp-json\/wp\/v2\/tags?post=9730"}],"curies":[{"name":"wp","href":"https:\/\/api.w.org\/{rel}","templated":true}]}}