{"id":11834,"date":"2026-03-28T18:42:29","date_gmt":"2026-03-28T17:42:29","guid":{"rendered":"https:\/\/merida.salesianos.edu\/colegio\/?p=11834"},"modified":"2026-06-28T18:50:26","modified_gmt":"2026-06-28T16:50:26","slug":"xxxiv-olimpiada-matematica-junior-de-extremadura-2026","status":"publish","type":"post","link":"https:\/\/merida.salesianos.edu\/colegio\/blog\/2026\/03\/28\/xxxiv-olimpiada-matematica-junior-de-extremadura-2026\/","title":{"rendered":"XXXIV Olimpiada Matem\u00e1tica Junior de Extremadura 2026"},"content":{"rendered":"<p>[et_pb_section fb_built=\u00bb1&#8243; admin_label=\u00bbsection\u00bb _builder_version=\u00bb4.16&#8243; global_colors_info=\u00bb{}\u00bb][et_pb_row column_structure=\u00bb1_2,1_2&#8243; admin_label=\u00bbrow\u00bb _builder_version=\u00bb4.16&#8243; background_size=\u00bbinitial\u00bb background_position=\u00bbtop_left\u00bb background_repeat=\u00bbrepeat\u00bb global_colors_info=\u00bb{}\u00bb][et_pb_column type=\u00bb1_2&#8243; _builder_version=\u00bb4.16&#8243; custom_padding=\u00bb|||\u00bb global_colors_info=\u00bb{}\u00bb custom_padding__hover=\u00bb|||\u00bb][et_pb_image src=\u00bbhttps:\/\/merida.salesianos.edu\/colegio\/wp-content\/uploads\/sites\/2\/2026\/06\/junior-matematicas.jpg\u00bb title_text=\u00bbjunior matematicas\u00bb _builder_version=\u00bb4.27.6&#8243; _module_preset=\u00bbdefault\u00bb hover_enabled=\u00bb0&#8243; global_colors_info=\u00bb{}\u00bb sticky_enabled=\u00bb0&#8243;][\/et_pb_image][\/et_pb_column][et_pb_column type=\u00bb1_2&#8243; _builder_version=\u00bb4.16&#8243; custom_padding=\u00bb|||\u00bb global_colors_info=\u00bb{}\u00bb custom_padding__hover=\u00bb|||\u00bb][et_pb_text _builder_version=\u00bb4.27.6&#8243; _module_preset=\u00bbdefault\u00bb hover_enabled=\u00bb0&#8243; global_colors_info=\u00bb{}\u00bb sticky_enabled=\u00bb0&#8243;]<\/p>\n<p>Impulsado por la Sociedad Extreme\u00f1a de Educaci\u00f3n Matem\u00e1tica \u00abVentura Reyes Pr\u00f3sper\u00bb, nuestro centro se ha presentado a lacXXXIV Olimpiada Matem\u00e1tica Junior de Extremadura.<br \/>En esta prueba, para los alumnos de 2\u00ba de ESO, se han presentado 30 alumnos de toda la regi\u00f3n. Nuestro alumno Iago ha conseguido la clasificaci\u00f3n para la final de la fase regional.<\/p>\n<p>[\/et_pb_text][\/et_pb_column][\/et_pb_row][\/et_pb_section]<\/p>\n","protected":false},"excerpt":{"rendered":"<p>Impulsado por la Sociedad Extreme\u00f1a de Educaci\u00f3n Matem\u00e1tica \u00abVentura Reyes Pr\u00f3sper\u00bb, nuestro centro se ha presentado a lacXXXIV Olimpiada Matem\u00e1tica Junior de Extremadura.En esta prueba, para los alumnos de 2\u00ba de ESO, se han presentado 30 alumnos de toda la regi\u00f3n. Nuestro alumno Iago ha conseguido la clasificaci\u00f3n para la final de la fase regional.<\/p>\n","protected":false},"author":3,"featured_media":0,"comment_status":"closed","ping_status":"open","sticky":false,"template":"","format":"standard","meta":{"_et_pb_use_builder":"on","_et_pb_old_content":"","_et_gb_content_width":"","footnotes":""},"categories":[15,11],"tags":[],"class_list":["post-11834","post","type-post","status-publish","format-standard","hentry","category-eso","category-reconocimientos"],"_links":{"self":[{"href":"https:\/\/merida.salesianos.edu\/colegio\/wp-json\/wp\/v2\/posts\/11834","targetHints":{"allow":["GET"]}}],"collection":[{"href":"https:\/\/merida.salesianos.edu\/colegio\/wp-json\/wp\/v2\/posts"}],"about":[{"href":"https:\/\/merida.salesianos.edu\/colegio\/wp-json\/wp\/v2\/types\/post"}],"author":[{"embeddable":true,"href":"https:\/\/merida.salesianos.edu\/colegio\/wp-json\/wp\/v2\/users\/3"}],"replies":[{"embeddable":true,"href":"https:\/\/merida.salesianos.edu\/colegio\/wp-json\/wp\/v2\/comments?post=11834"}],"version-history":[{"count":3,"href":"https:\/\/merida.salesianos.edu\/colegio\/wp-json\/wp\/v2\/posts\/11834\/revisions"}],"predecessor-version":[{"id":11845,"href":"https:\/\/merida.salesianos.edu\/colegio\/wp-json\/wp\/v2\/posts\/11834\/revisions\/11845"}],"wp:attachment":[{"href":"https:\/\/merida.salesianos.edu\/colegio\/wp-json\/wp\/v2\/media?parent=11834"}],"wp:term":[{"taxonomy":"category","embeddable":true,"href":"https:\/\/merida.salesianos.edu\/colegio\/wp-json\/wp\/v2\/categories?post=11834"},{"taxonomy":"post_tag","embeddable":true,"href":"https:\/\/merida.salesianos.edu\/colegio\/wp-json\/wp\/v2\/tags?post=11834"}],"curies":[{"name":"wp","href":"https:\/\/api.w.org\/{rel}","templated":true}]}}