{"id":11800,"date":"2026-06-28T13:13:56","date_gmt":"2026-06-28T11:13:56","guid":{"rendered":"https:\/\/merida.salesianos.edu\/colegio\/?p=11800"},"modified":"2026-06-28T13:13:59","modified_gmt":"2026-06-28T11:13:59","slug":"olimpiada-regional-de-biologia-2026","status":"publish","type":"post","link":"https:\/\/merida.salesianos.edu\/colegio\/blog\/2026\/06\/28\/olimpiada-regional-de-biologia-2026\/","title":{"rendered":"Olimpiada Regional de Biolog\u00eda 2026"},"content":{"rendered":"<p>[et_pb_section fb_built=\u00bb1&#8243; admin_label=\u00bbsection\u00bb _builder_version=\u00bb4.16&#8243; global_colors_info=\u00bb{}\u00bb][et_pb_row column_structure=\u00bb1_2,1_2&#8243; admin_label=\u00bbrow\u00bb _builder_version=\u00bb4.16&#8243; background_size=\u00bbinitial\u00bb background_position=\u00bbtop_left\u00bb background_repeat=\u00bbrepeat\u00bb global_colors_info=\u00bb{}\u00bb][et_pb_column type=\u00bb1_2&#8243; _builder_version=\u00bb4.16&#8243; custom_padding=\u00bb|||\u00bb global_colors_info=\u00bb{}\u00bb custom_padding__hover=\u00bb|||\u00bb][et_pb_image src=\u00bbhttps:\/\/merida.salesianos.edu\/colegio\/wp-content\/uploads\/sites\/2\/2026\/06\/olimpiada-biologia.jpg\u00bb title_text=\u00bbolimpiada biologia\u00bb _builder_version=\u00bb4.27.6&#8243; _module_preset=\u00bbdefault\u00bb hover_enabled=\u00bb0&#8243; global_colors_info=\u00bb{}\u00bb sticky_enabled=\u00bb0&#8243;][\/et_pb_image][\/et_pb_column][et_pb_column type=\u00bb1_2&#8243; _builder_version=\u00bb4.16&#8243; custom_padding=\u00bb|||\u00bb global_colors_info=\u00bb{}\u00bb custom_padding__hover=\u00bb|||\u00bb][et_pb_text _builder_version=\u00bb4.27.6&#8243; _module_preset=\u00bbdefault\u00bb hover_enabled=\u00bb0&#8243; global_colors_info=\u00bb{}\u00bb sticky_enabled=\u00bb0&#8243;]<\/p>\n<p>76 alumnos de 26 centros de la regi\u00f3n han participado en la XXI Olimpiada Regional de Biolog\u00eda. Tras la realizaci\u00f3n de Pruebas te\u00f3ricas y pr\u00e1cticas, nuestro alumno Antonio M. ha obtenido la primera posici\u00f3n en esta edici\u00f3n, lo que le da acceso a la Olimpiada Nacional de Biolog\u00eda.<\/p>\n<p>[\/et_pb_text][\/et_pb_column][\/et_pb_row][\/et_pb_section]<\/p>\n","protected":false},"excerpt":{"rendered":"<p>76 alumnos de 26 centros de la regi\u00f3n han participado en la XXI Olimpiada Regional de Biolog\u00eda. Tras la realizaci\u00f3n de Pruebas te\u00f3ricas y pr\u00e1cticas, nuestro alumno Antonio M. ha obtenido la primera posici\u00f3n en esta edici\u00f3n, lo que le da acceso a la Olimpiada Nacional de Biolog\u00eda.<\/p>\n","protected":false},"author":3,"featured_media":0,"comment_status":"closed","ping_status":"open","sticky":false,"template":"","format":"standard","meta":{"_et_pb_use_builder":"on","_et_pb_old_content":"","_et_gb_content_width":"","footnotes":""},"categories":[17,11],"tags":[],"class_list":["post-11800","post","type-post","status-publish","format-standard","hentry","category-bachillerato","category-reconocimientos"],"_links":{"self":[{"href":"https:\/\/merida.salesianos.edu\/colegio\/wp-json\/wp\/v2\/posts\/11800","targetHints":{"allow":["GET"]}}],"collection":[{"href":"https:\/\/merida.salesianos.edu\/colegio\/wp-json\/wp\/v2\/posts"}],"about":[{"href":"https:\/\/merida.salesianos.edu\/colegio\/wp-json\/wp\/v2\/types\/post"}],"author":[{"embeddable":true,"href":"https:\/\/merida.salesianos.edu\/colegio\/wp-json\/wp\/v2\/users\/3"}],"replies":[{"embeddable":true,"href":"https:\/\/merida.salesianos.edu\/colegio\/wp-json\/wp\/v2\/comments?post=11800"}],"version-history":[{"count":3,"href":"https:\/\/merida.salesianos.edu\/colegio\/wp-json\/wp\/v2\/posts\/11800\/revisions"}],"predecessor-version":[{"id":11805,"href":"https:\/\/merida.salesianos.edu\/colegio\/wp-json\/wp\/v2\/posts\/11800\/revisions\/11805"}],"wp:attachment":[{"href":"https:\/\/merida.salesianos.edu\/colegio\/wp-json\/wp\/v2\/media?parent=11800"}],"wp:term":[{"taxonomy":"category","embeddable":true,"href":"https:\/\/merida.salesianos.edu\/colegio\/wp-json\/wp\/v2\/categories?post=11800"},{"taxonomy":"post_tag","embeddable":true,"href":"https:\/\/merida.salesianos.edu\/colegio\/wp-json\/wp\/v2\/tags?post=11800"}],"curies":[{"name":"wp","href":"https:\/\/api.w.org\/{rel}","templated":true}]}}