{"id":11795,"date":"2026-06-28T13:09:40","date_gmt":"2026-06-28T11:09:40","guid":{"rendered":"https:\/\/merida.salesianos.edu\/colegio\/?p=11795"},"modified":"2026-06-28T13:09:43","modified_gmt":"2026-06-28T11:09:43","slug":"olimpiada-regional-de-matematicas-2026","status":"publish","type":"post","link":"https:\/\/merida.salesianos.edu\/colegio\/blog\/2026\/06\/28\/olimpiada-regional-de-matematicas-2026\/","title":{"rendered":"Olimpiada Regional de Matem\u00e1ticas 2026"},"content":{"rendered":"<p>[et_pb_section fb_built=\u00bb1&#8243; admin_label=\u00bbsection\u00bb _builder_version=\u00bb4.16&#8243; global_colors_info=\u00bb{}\u00bb][et_pb_row column_structure=\u00bb1_2,1_2&#8243; admin_label=\u00bbrow\u00bb _builder_version=\u00bb4.16&#8243; background_size=\u00bbinitial\u00bb background_position=\u00bbtop_left\u00bb background_repeat=\u00bbrepeat\u00bb global_colors_info=\u00bb{}\u00bb][et_pb_column type=\u00bb1_2&#8243; _builder_version=\u00bb4.16&#8243; custom_padding=\u00bb|||\u00bb global_colors_info=\u00bb{}\u00bb custom_padding__hover=\u00bb|||\u00bb][et_pb_image src=\u00bbhttps:\/\/merida.salesianos.edu\/colegio\/wp-content\/uploads\/sites\/2\/2026\/06\/olimpiada-matematicas.jpg\u00bb title_text=\u00bbolimpiada matematicas\u00bb _builder_version=\u00bb4.27.6&#8243; _module_preset=\u00bbdefault\u00bb hover_enabled=\u00bb0&#8243; global_colors_info=\u00bb{}\u00bb sticky_enabled=\u00bb0&#8243;][\/et_pb_image][\/et_pb_column][et_pb_column type=\u00bb1_2&#8243; _builder_version=\u00bb4.16&#8243; custom_padding=\u00bb|||\u00bb global_colors_info=\u00bb{}\u00bb custom_padding__hover=\u00bb|||\u00bb][et_pb_text _builder_version=\u00bb4.27.6&#8243; _module_preset=\u00bbdefault\u00bb hover_enabled=\u00bb0&#8243; global_colors_info=\u00bb{}\u00bb sticky_enabled=\u00bb0&#8243;]<\/p>\n<p>Un curso m\u00e1s, el Departamento de Matem\u00e1ticas de la UEx organiza la Olimpiada Regional de Matem\u00e1ticas, siendo esta su 62\u00aa edici\u00f3n, en la que han participado m\u00e1s de 70 estudiantes de bachillerato de 22 centros de la regi\u00f3n.<\/p>\n<p>Nuestro alumno Antonio M. ha resultado el primer clasificado en esta edici\u00f3n, lo que le da acceso a la Olimpiada Nacional de Matem\u00e1ticas.<\/p>\n<p>[\/et_pb_text][\/et_pb_column][\/et_pb_row][\/et_pb_section]<\/p>\n","protected":false},"excerpt":{"rendered":"<p>Un curso m\u00e1s, el Departamento de Matem\u00e1ticas de la UEx organiza la Olimpiada Regional de Matem\u00e1ticas, siendo esta su 62\u00aa edici\u00f3n, en la que han participado m\u00e1s de 70 estudiantes de bachillerato de 22 centros de la regi\u00f3n. Nuestro alumno Antonio M. ha resultado el primer clasificado en esta edici\u00f3n, lo que le da acceso [&hellip;]<\/p>\n","protected":false},"author":3,"featured_media":0,"comment_status":"closed","ping_status":"open","sticky":false,"template":"","format":"standard","meta":{"_et_pb_use_builder":"on","_et_pb_old_content":"","_et_gb_content_width":"","footnotes":""},"categories":[17,11],"tags":[],"class_list":["post-11795","post","type-post","status-publish","format-standard","hentry","category-bachillerato","category-reconocimientos"],"_links":{"self":[{"href":"https:\/\/merida.salesianos.edu\/colegio\/wp-json\/wp\/v2\/posts\/11795","targetHints":{"allow":["GET"]}}],"collection":[{"href":"https:\/\/merida.salesianos.edu\/colegio\/wp-json\/wp\/v2\/posts"}],"about":[{"href":"https:\/\/merida.salesianos.edu\/colegio\/wp-json\/wp\/v2\/types\/post"}],"author":[{"embeddable":true,"href":"https:\/\/merida.salesianos.edu\/colegio\/wp-json\/wp\/v2\/users\/3"}],"replies":[{"embeddable":true,"href":"https:\/\/merida.salesianos.edu\/colegio\/wp-json\/wp\/v2\/comments?post=11795"}],"version-history":[{"count":2,"href":"https:\/\/merida.salesianos.edu\/colegio\/wp-json\/wp\/v2\/posts\/11795\/revisions"}],"predecessor-version":[{"id":11799,"href":"https:\/\/merida.salesianos.edu\/colegio\/wp-json\/wp\/v2\/posts\/11795\/revisions\/11799"}],"wp:attachment":[{"href":"https:\/\/merida.salesianos.edu\/colegio\/wp-json\/wp\/v2\/media?parent=11795"}],"wp:term":[{"taxonomy":"category","embeddable":true,"href":"https:\/\/merida.salesianos.edu\/colegio\/wp-json\/wp\/v2\/categories?post=11795"},{"taxonomy":"post_tag","embeddable":true,"href":"https:\/\/merida.salesianos.edu\/colegio\/wp-json\/wp\/v2\/tags?post=11795"}],"curies":[{"name":"wp","href":"https:\/\/api.w.org\/{rel}","templated":true}]}}