{"id":10718,"date":"2022-03-03T19:52:23","date_gmt":"2022-03-03T18:52:23","guid":{"rendered":"https:\/\/merida.salesianos.edu\/colegio\/blog\/2022\/03\/03\/programas-de-inmersion-linguistica\/"},"modified":"2025-08-25T08:54:25","modified_gmt":"2025-08-25T06:54:25","slug":"programas-de-inmersion-linguistica","status":"publish","type":"post","link":"https:\/\/merida.salesianos.edu\/colegio\/blog\/2022\/03\/03\/programas-de-inmersion-linguistica\/","title":{"rendered":"Programas de inmersi\u00f3n ling\u00fc\u00edstica"},"content":{"rendered":"<p>Se ha publicado el progrma de Inmersi\u00f3n Ling\u00fc\u00edstica de la Junta de Extremadura para alumnos de Primaria, ESO y Bachillerato.<br \/>\nEl plazo de presentaci\u00f3n es desde el 4 al 17 de marzo.<\/p>\n<p><a href=\"https:\/\/merida.salesianos.edu\/wp-content\/uploads\/2022\/03\/resolucioninmersionlinguistica21-22.pdf\">resolucioninmersionlinguistica21-22<\/a><\/p>\n","protected":false},"excerpt":{"rendered":"<p>Se ha publicado el progrma de Inmersi\u00f3n Ling\u00fc\u00edstica de la Junta de Extremadura para alumnos de Primaria, ESO y Bachillerato. El plazo de presentaci\u00f3n es desde el 4 al 17 de marzo. resolucioninmersionlinguistica21-22<\/p>\n","protected":false},"author":3,"featured_media":0,"comment_status":"closed","ping_status":"open","sticky":false,"template":"","format":"standard","meta":{"_et_pb_use_builder":"","_et_pb_old_content":"","_et_gb_content_width":"","footnotes":""},"categories":[12],"tags":[],"class_list":["post-10718","post","type-post","status-publish","format-standard","hentry","category-noticias"],"_links":{"self":[{"href":"https:\/\/merida.salesianos.edu\/colegio\/wp-json\/wp\/v2\/posts\/10718","targetHints":{"allow":["GET"]}}],"collection":[{"href":"https:\/\/merida.salesianos.edu\/colegio\/wp-json\/wp\/v2\/posts"}],"about":[{"href":"https:\/\/merida.salesianos.edu\/colegio\/wp-json\/wp\/v2\/types\/post"}],"author":[{"embeddable":true,"href":"https:\/\/merida.salesianos.edu\/colegio\/wp-json\/wp\/v2\/users\/3"}],"replies":[{"embeddable":true,"href":"https:\/\/merida.salesianos.edu\/colegio\/wp-json\/wp\/v2\/comments?post=10718"}],"version-history":[{"count":1,"href":"https:\/\/merida.salesianos.edu\/colegio\/wp-json\/wp\/v2\/posts\/10718\/revisions"}],"predecessor-version":[{"id":11571,"href":"https:\/\/merida.salesianos.edu\/colegio\/wp-json\/wp\/v2\/posts\/10718\/revisions\/11571"}],"wp:attachment":[{"href":"https:\/\/merida.salesianos.edu\/colegio\/wp-json\/wp\/v2\/media?parent=10718"}],"wp:term":[{"taxonomy":"category","embeddable":true,"href":"https:\/\/merida.salesianos.edu\/colegio\/wp-json\/wp\/v2\/categories?post=10718"},{"taxonomy":"post_tag","embeddable":true,"href":"https:\/\/merida.salesianos.edu\/colegio\/wp-json\/wp\/v2\/tags?post=10718"}],"curies":[{"name":"wp","href":"https:\/\/api.w.org\/{rel}","templated":true}]}}